{"id":840,"date":"2021-01-15T11:15:29","date_gmt":"2021-01-15T10:15:29","guid":{"rendered":"http:\/\/gops.nozdrzec.pl\/?p=840"},"modified":"2021-01-15T13:48:53","modified_gmt":"2021-01-15T12:48:53","slug":"od-15-stycznia-br-dziala-infolinia-w-sprawie-organizacji-szczepien-covid19","status":"publish","type":"post","link":"https:\/\/gops.nozdrzec.pl\/?p=840","title":{"rendered":"Od 15 stycznia br. dzia\u0142a infolinia w sprawie organizacji szczepie\u0144 Covid19"},"content":{"rendered":"<p>Od\u00a0<strong>15\u00a0stycznia<\/strong>\u00a0rusza\u00a0<strong>rejestracja<\/strong>\u00a0na\u00a0szczepienia przeciw COVID-19\u00a0dla senior\u00f3w, kt\u00f3rzy\u00a0sko\u0144czyli 80\u00a0lat. Natomiast od\u00a0<strong>22\u00a0stycznia<\/strong>\u00a0zarejestrowa\u0107 si\u0119 b\u0119d\u0105 mog\u0142y osoby powy\u017cej 70. roku \u017cycia.\u00a0<strong>25\u00a0stycznia<\/strong>\u00a0rozpoczn\u0105 si\u0119 szczepienia dla zarejestrowanych senior\u00f3w. Stopniowo szczepionka przeciw COVID-19\u00a0b\u0119dzie udost\u0119pniana kolejnym grupom wiekowym i\u00a0zawodowym.<\/p>\n<p>Osoby, kt\u00f3re b\u0119d\u0105 chcia\u0142y zaszczepi\u0107 si\u0119 przeciw COVID-19, ale\u00a0maj\u0105 trudno\u015b\u0107 z\u00a0dotarciem do\u00a0punktu szczepie\u0144, b\u0119d\u0105 mog\u0142y skorzysta\u0107 ze\u00a0<strong>transportu. W\u00a0pierwszej kolejno\u015bci transport ten powinien by\u0107 organizowany przez\u00a0plac\u00f3wki podstawowej opieki zdrowotnej, a\u00a0w\u00a0przypadku braku mo\u017cliwo\u015bci, na\u00a0poziomie gminy.<\/strong><\/p>\n<p><strong>Transport jest przeznaczony dla os\u00f3b:<\/strong><\/p>\n<ul>\n<li><strong>Posiadaj\u0105cych aktualne orzeczenie o\u00a0niepe\u0142nosprawno\u015bci w\u00a0stopniu znacznym o\u00a0kodzie R lub N, lub odpowiednio I\u00a0grup\u0119 z\u00a0wymienionymi chorobami,<\/strong><\/li>\n<li><strong>Maj\u0105cych trudno\u015bci z\u00a0dost\u0119pem do\u00a0punktu szczepie\u0144.<\/strong><\/li>\n<\/ul>\n<p>R\u00f3wnolegle, ramach \u015bwiadcze\u0144 finansowanych przez\u00a0Narodowy Funduszu Zdrowia dotycz\u0105cych szczepie\u0144 pacjent\u00f3w (szczepienie w\u00a0punkcje szczepie\u0144 lub szczepienie z\u00a0dojazdem do\u00a0pacjenta), powinien by\u0107 realizowany transport dedykowany osobom, kt\u00f3re ze\u00a0wzgl\u0119d\u00f3w zdrowotnych wymagaj\u0105 u\u017cycia\u00a0<strong>transportu sanitarnego<\/strong>. Transport taki realizowany powinien by\u0107 ze\u00a0wskaza\u0144 medycznych, po\u00a0uprzedniej decyzji lekarza o\u00a0kwalifikacji do\u00a0takiego transportu.<\/p>\n<p>Organizacja transportu przez\u00a0gmin\u0119 polega przyj\u0119ciu od\u00a0plac\u00f3wki podstawowej opieki zdrowotnej listy os\u00f3b, kt\u00f3re potrzebuj\u0105 transportu, wraz z\u00a0informacj\u0105 o\u00a0dacie i\u00a0godzinie szczepienia i\u00a0nast\u0119pnie koordynacji dowozu.<\/p>\n<p><strong>Punkty szczepie\u0144 w\u00a0gminie Nozdrzec:<\/strong><\/p>\n<p>NZOZ ?Izdebki? Janusz Kosobucki, El\u017cbieta Kosobucka s. c., tel.\u00a013\u00a043\u00a099\u00a0005<\/p>\n<p>NZOZ ?O\u015brodek Zdrowia? Barbara Irena Wielgos-Fuksa w\u00a0Nozdrzcu, tel.13\u00a043\u00a098\u00a0960<\/p>\n<p>15\u00a0stycznia od\u00a0godziny 8.00\u00a0uruchomiony zostanie nr\u00a0telefonu 13\u00a043\u00a098\u00a0020, wew. 55, pod\u00a0kt\u00f3rym\u00a0mo\u017cna b\u0119dzie uzyska\u0107 informacje na\u00a0temat zasad transportu.<\/p>\n<p>&nbsp;<\/p>\n<p><em>Informacja na\u00a0podstawie danych zawartych na\u00a0stronie\u00a0<a href=\"https:\/\/www.gov.pl\/web\/szczepimysie\">gov.pl\/szczepimysie<\/a><\/em><\/p>\n<p><img decoding=\"async\" src=\"https:\/\/www.boguchwala.pl\/static\/filemanager\/uploaded-source\/Ulotka%20szczepienia%202.png\" \/><\/p>\n<p><img decoding=\"async\" src=\"https:\/\/www.boguchwala.pl\/static\/filemanager\/uploaded-source\/Ulotka%20szczepienia%203.png\" \/><img decoding=\"async\" src=\"https:\/\/www.boguchwala.pl\/static\/filemanager\/uploaded-source\/Ulotka%20szczepienia%201.png\" \/><\/p>\n","protected":false},"excerpt":{"rendered":"<p>Od\u00a015\u00a0stycznia\u00a0rusza\u00a0rejestracja\u00a0na\u00a0szczepienia przeciw COVID-19\u00a0dla senior\u00f3w, kt\u00f3rzy\u00a0sko\u0144czyli 80\u00a0lat. Natomiast od\u00a022\u00a0stycznia\u00a0zarejestrowa\u0107 si\u0119 b\u0119d\u0105 mog\u0142y osoby powy\u017cej 70. roku \u017cycia.\u00a025\u00a0stycznia\u00a0rozpoczn\u0105 si\u0119 szczepienia dla zarejestrowanych senior\u00f3w. Stopniowo szczepionka przeciw COVID-19\u00a0b\u0119dzie&hellip;<\/p>\n","protected":false},"author":2,"featured_media":490,"comment_status":"closed","ping_status":"open","sticky":false,"template":"","format":"standard","meta":{"footnotes":""},"categories":[1],"tags":[],"class_list":["post-840","post","type-post","status-publish","format-standard","has-post-thumbnail","hentry","category-bez-kategorii"],"_links":{"self":[{"href":"https:\/\/gops.nozdrzec.pl\/index.php?rest_route=\/wp\/v2\/posts\/840","targetHints":{"allow":["GET"]}}],"collection":[{"href":"https:\/\/gops.nozdrzec.pl\/index.php?rest_route=\/wp\/v2\/posts"}],"about":[{"href":"https:\/\/gops.nozdrzec.pl\/index.php?rest_route=\/wp\/v2\/types\/post"}],"author":[{"embeddable":true,"href":"https:\/\/gops.nozdrzec.pl\/index.php?rest_route=\/wp\/v2\/users\/2"}],"replies":[{"embeddable":true,"href":"https:\/\/gops.nozdrzec.pl\/index.php?rest_route=%2Fwp%2Fv2%2Fcomments&post=840"}],"version-history":[{"count":3,"href":"https:\/\/gops.nozdrzec.pl\/index.php?rest_route=\/wp\/v2\/posts\/840\/revisions"}],"predecessor-version":[{"id":846,"href":"https:\/\/gops.nozdrzec.pl\/index.php?rest_route=\/wp\/v2\/posts\/840\/revisions\/846"}],"wp:featuredmedia":[{"embeddable":true,"href":"https:\/\/gops.nozdrzec.pl\/index.php?rest_route=\/wp\/v2\/media\/490"}],"wp:attachment":[{"href":"https:\/\/gops.nozdrzec.pl\/index.php?rest_route=%2Fwp%2Fv2%2Fmedia&parent=840"}],"wp:term":[{"taxonomy":"category","embeddable":true,"href":"https:\/\/gops.nozdrzec.pl\/index.php?rest_route=%2Fwp%2Fv2%2Fcategories&post=840"},{"taxonomy":"post_tag","embeddable":true,"href":"https:\/\/gops.nozdrzec.pl\/index.php?rest_route=%2Fwp%2Fv2%2Ftags&post=840"}],"curies":[{"name":"wp","href":"https:\/\/api.w.org\/{rel}","templated":true}]}}