{"id":1886,"date":"2023-11-13T20:43:01","date_gmt":"2023-11-13T19:43:01","guid":{"rendered":"http:\/\/gops.nozdrzec.pl\/?p=1886"},"modified":"2023-11-13T20:43:01","modified_gmt":"2023-11-13T19:43:01","slug":"opieka-wytchnieniowa","status":"publish","type":"post","link":"https:\/\/gops.nozdrzec.pl\/?p=1886","title":{"rendered":"OPIEKA WYTCHNIENIOWA"},"content":{"rendered":"<h2>Nab\u00f3r wniosk\u00f3w w ramach Programu resortowego Ministra Rodziny i Polityki Spo\u0142ecznej &#8220;Opieka wytchnieniowa? dla Jednostek Samorz\u0105du Terytorialnego ? edycja 2024<\/h2>\n<h3>Cel Programu<\/h3>\n<p>G\u0142\u00f3wnym celem Programu jest wsparcie cz\u0142onk\u00f3w rodzin lub opiekun\u00f3w sprawuj\u0105cych bezpo\u015bredni\u0105 opiek\u0119 nad:<\/p>\n<ol>\n<li>dzie\u0107mi do uko\u0144czenia 16. roku \u017cycia posiadaj\u0105cymi orzeczenie o niepe\u0142nosprawno\u015bci lub<\/li>\n<li>osobami niepe\u0142nosprawnymi posiadaj\u0105cymi:<\/li>\n<\/ol>\n<ul>\n<li>orzeczenie o znacznym stopniu niepe\u0142nosprawno\u015bci albo<\/li>\n<li>orzeczenie traktowane na r\u00f3wni z orzeczeniem wymienionym w lit. a, zgodnie z art. 5 i art. 62 ustawy z dnia 27 sierpnia 1997 r. o rehabilitacji zawodowej i spo\u0142ecznej oraz zatrudnianiu os\u00f3b niepe\u0142nosprawnych (Dz. U. z 2023 r. poz. 100, z p\u00f3\u017an. zm.) &#8211; poprzez umo\u017cliwienie uzyskania dora\u017anej, czasowej pomocy w formie us\u0142ugi opieki wytchnieniowej, tj. odci\u0105\u017cenie od codziennych obowi\u0105zk\u00f3w \u0142\u0105cz\u0105cych si\u0119 ze sprawowaniem opieki nad osob\u0105 z niepe\u0142nosprawno\u015bci\u0105 przez zapewnienie czasowego zast\u0119pstwa w tym zakresie.<\/li>\n<\/ul>\n<p>Dzi\u0119ki temu wsparciu, osoby zaanga\u017cowane na co dzie\u0144 w sprawowanie opieki nad osob\u0105 z niepe\u0142nosprawno\u015bci\u0105 dysponowa\u0107 b\u0119d\u0105 czasem, kt\u00f3ry mog\u0105 przeznaczy\u0107 na odpoczynek i regeneracj\u0119, jak r\u00f3wnie\u017c na za\u0142atwienie niezb\u0119dnych spraw \u017cyciowych.<\/p>\n<p>Us\u0142ugi opieki wytchnieniowej mog\u0105 s\u0142u\u017cy\u0107 r\u00f3wnie\u017c okresowemu zabezpieczeniu potrzeb osoby z niepe\u0142nosprawno\u015bci\u0105 w sytuacji, gdy cz\u0142onkowie rodzin lub opiekunowie z r\u00f3\u017cnych powod\u00f3w nie b\u0119d\u0105 mogli wykonywa\u0107 swoich obowi\u0105zk\u00f3w.<\/p>\n<p><b>Finanse<\/b><\/p>\n<p>Na realizacj\u0119 Programu Minister Rodziny i Polityki Spo\u0142ecznej przeznaczy\u0142 kwot\u0119\u00a0<strong>190 000 000,00 z\u0142.<\/strong><\/p>\n<p><b>Termin naboru<\/b><\/p>\n<p>Poni\u017cej terminy naboru wniosk\u00f3w w ramach Programu:<\/p>\n<ol>\n<li>Gmina\/powiat sk\u0142ada wniosek (za\u0142\u0105cznik nr 1 do Programu) wraz z za\u0142\u0105cznikami do wniosku (za\u0142\u0105czniki nr 16 i 17 do Programu) do w\u0142a\u015bciwego wojewody za po\u015brednictwem Generatora Funduszu Solidarno\u015bciowego dost\u0119pnego na stronie internetowej bfs.mrips.gov.pl, w terminie od dnia 30 pa\u017adziernika 2023 r. do dnia 16 listopada 2023 r. Generator jest aplikacj\u0105 webow\u0105, dost\u0119pn\u0105 wy\u0142\u0105cznie dla zarejestrowanych w systemie u\u017cytkownik\u00f3w.<\/li>\n<li>Wojewoda, po weryfikacji wniosk\u00f3w z\u0142o\u017conych przez gminy\/powiaty, sporz\u0105dza list\u0119 rekomendowanych wniosk\u00f3w do finansowania w ramach Programu (za\u0142\u0105cznik nr 3 do Programu) i przekazuje j\u0105 do Ministra wraz z informacj\u0105 wojewody dotycz\u0105c\u0105 \u015brodk\u00f3w finansowych z Programu ?Opieka wytchnieniowa? dla Jednostek Samorz\u0105du Terytorialnego ? edycja 2024 (za\u0142\u0105cznik nr 2 do Programu), w terminie do dnia 1 grudnia 2023 r.<\/li>\n<li>Minister zatwierdza zbiorcz\u0105 list\u0119 rekomendowanych wniosk\u00f3w w terminie 30 dni od dnia przekazania Ministrowi wszystkich list rekomendowanych wniosk\u00f3w wojewod\u00f3w.<\/li>\n<\/ol>\n","protected":false},"excerpt":{"rendered":"<p>Nab\u00f3r wniosk\u00f3w w ramach Programu resortowego Ministra Rodziny i Polityki Spo\u0142ecznej &#8220;Opieka wytchnieniowa? dla Jednostek Samorz\u0105du Terytorialnego ? edycja 2024 Cel Programu G\u0142\u00f3wnym celem Programu&hellip;<\/p>\n","protected":false},"author":2,"featured_media":0,"comment_status":"closed","ping_status":"open","sticky":false,"template":"","format":"standard","meta":{"footnotes":""},"categories":[1],"tags":[],"class_list":["post-1886","post","type-post","status-publish","format-standard","hentry","category-bez-kategorii"],"_links":{"self":[{"href":"https:\/\/gops.nozdrzec.pl\/index.php?rest_route=\/wp\/v2\/posts\/1886","targetHints":{"allow":["GET"]}}],"collection":[{"href":"https:\/\/gops.nozdrzec.pl\/index.php?rest_route=\/wp\/v2\/posts"}],"about":[{"href":"https:\/\/gops.nozdrzec.pl\/index.php?rest_route=\/wp\/v2\/types\/post"}],"author":[{"embeddable":true,"href":"https:\/\/gops.nozdrzec.pl\/index.php?rest_route=\/wp\/v2\/users\/2"}],"replies":[{"embeddable":true,"href":"https:\/\/gops.nozdrzec.pl\/index.php?rest_route=%2Fwp%2Fv2%2Fcomments&post=1886"}],"version-history":[{"count":1,"href":"https:\/\/gops.nozdrzec.pl\/index.php?rest_route=\/wp\/v2\/posts\/1886\/revisions"}],"predecessor-version":[{"id":1887,"href":"https:\/\/gops.nozdrzec.pl\/index.php?rest_route=\/wp\/v2\/posts\/1886\/revisions\/1887"}],"wp:attachment":[{"href":"https:\/\/gops.nozdrzec.pl\/index.php?rest_route=%2Fwp%2Fv2%2Fmedia&parent=1886"}],"wp:term":[{"taxonomy":"category","embeddable":true,"href":"https:\/\/gops.nozdrzec.pl\/index.php?rest_route=%2Fwp%2Fv2%2Fcategories&post=1886"},{"taxonomy":"post_tag","embeddable":true,"href":"https:\/\/gops.nozdrzec.pl\/index.php?rest_route=%2Fwp%2Fv2%2Ftags&post=1886"}],"curies":[{"name":"wp","href":"https:\/\/api.w.org\/{rel}","templated":true}]}}