{"id":1678,"date":"2023-02-09T08:44:12","date_gmt":"2023-02-09T07:44:12","guid":{"rendered":"http:\/\/gops.nozdrzec.pl\/?p=1678"},"modified":"2023-02-09T08:44:12","modified_gmt":"2023-02-09T07:44:12","slug":"powrot-do-zdrowia-powrot-do-pracy-po-kryzysie-psychicznym","status":"publish","type":"post","link":"https:\/\/gops.nozdrzec.pl\/?p=1678","title":{"rendered":"Powr\u00f3t do zdrowia ? powr\u00f3t do pracy? po kryzysie psychicznym&#8221;"},"content":{"rendered":"<p><strong>Do\u015bwiadczy\u0142e\u015b kryzysu psychicznego i nie mo\u017cesz wr\u00f3ci\u0107 do dotychczasowej pracy?<\/strong><\/p>\n<p><strong>Praca, kt\u00f3r\u0105 wykonywa\u0142e\u015b jest dla Ciebie zbyt du\u017cym obci\u0105\u017ceniem i zastanawiasz si\u0119 jakie zawody mo\u017cesz obecnie wykonywa\u0107?<br \/>\nZg\u0142o\u015b si\u0119 do nas! Pomo\u017cemy Ci si\u0119 przekwalifikowa\u0107 i znale\u017a\u0107 nowe zatrudnienie.<\/strong><\/p>\n<p>Przed wyst\u0105pieniem choroby by\u0142e\u015b osob\u0105 samodzieln\u0105 i aktywn\u0105, odnosz\u0105c\u0105 sukcesy. Teraz trudno Ci znale\u017a\u0107 prac\u0119, a wiesz, \u017ce aktywno\u015b\u0107 zawodowa ma istotny wp\u0142yw na proces zdrowienia. Skorzystaj z bezp\u0142atnej oferty PFRON realizowanej w O\u015brodkach Rehabilitacji Kompleksowej dla os\u00f3b po kryzysach psychicznych. O\u015brodki maj\u0105 charakter otwarty. B\u0119d\u0105c uczestnikiem projektu mo\u017cesz odwiedza\u0107 rodzin\u0119 w dni wolne od zaj\u0119\u0107, a najbli\u017csi zostan\u0105 zaproszeni do ciebie na wsp\u00f3lny weekend po\u0142\u0105czony z zaj\u0119ciami. W O\u015brodku zdob\u0119dziesz nowy zaw\u00f3d dostosowany do twoich obecnych mo\u017cliwo\u015bci zdrowotnych. Polepszysz r\u00f3wnie\u017c sw\u00f3j stan zdrowia korzystaj\u0105c z pomocy specjalist\u00f3w. Na zako\u0144czenie zesp\u00f3\u0142 ekspert\u00f3w pomo\u017ce Ci znale\u017a\u0107 prac\u0119.<\/p>\n<p><strong>Kto mo\u017ce wzi\u0105\u0107 udzia\u0142 w projekcie?<br \/>\n<\/strong>Rehabilitacja Kompleksowa to oferta dla os\u00f3b, kt\u00f3re z powodu choroby lub wypadku straci\u0142y mo\u017cliwo\u015b\u0107 wykonywania dotychczasowego zawodu, ale chcia\u0142yby podj\u0105\u0107 inn\u0105 prac\u0119, adekwatn\u0105 do ich zainteresowa\u0144 i stanu zdrowia. To r\u00f3wnie\u017c szansa dla tych, kt\u00f3rzy ze wzgl\u0119d\u00f3w zdrowotnych nigdy nie pracowali, a chcieliby zmieni\u0107 t\u0119 sytuacj\u0119 ? zdoby\u0107 zaw\u00f3d i podj\u0105\u0107 prac\u0119 odpowiedni\u0105 do ich mo\u017cliwo\u015bci zdrowotnych.<\/p>\n<p><strong>Jak przebiega przekwalifikowanie zawodowe?<\/strong><\/p>\n<p>W trakcie realizacji programu rehabilitacji kompleksowej przebywasz w O\u015brodku, gdzie zapewnione masz zakwaterowanie w pokoju jednoosobowym i pe\u0142ne wy\u017cywienie. Na rehabilitacj\u0119 kompleksow\u0105 sk\u0142adaj\u0105 si\u0119 trzy modu\u0142y: zawodowy, psychospo\u0142eczny i medyczny. W Indywidualnym Programie Rehabilitacji zostanie opisany spos\u00f3b realizacji ka\u017cdego z modu\u0142\u00f3w. Zaplanowany czas udzia\u0142u w programie to 16 tygodni oraz 4 tygodnie praktyk zawodowych w miejscu Twojego zamieszkania. Zaj\u0119cia b\u0119d\u0105 si\u0119 odbywa\u0142y w godzinach od 8:00 do 18:00, ale nie d\u0142u\u017cej ni\u017c 8 godzin dziennie, z wyj\u0105tkiem dni ustawowo wolnych od pracy. Ca\u0142o\u015b\u0107 pobytu jest ca\u0142kowicie bezp\u0142atna.<\/p>\n<p>Je\u015bli ze wzgl\u0119du na stan zdrowia straci\u0142e\u015b jedyne \u017ar\u00f3d\u0142o utrzymania b\u0119dziesz m\u00f3g\u0142 wyst\u0105pi\u0107 o przyznanie stypendium rehabilitacyjnego, kt\u00f3rego wysoko\u015b\u0107 b\u0119dzie uzale\u017cniona od Twojej frekwencji na zaj\u0119ciach.<\/p>\n<p>Po zako\u0144czeniu pobytu w O\u015brodku b\u0119dziesz mie\u0107 zapewnione wsparcie doradcy zawodowego, po\u015brednika pracy, psychologa do momentu podj\u0119cia zatrudnienia (lub uruchomienia dzia\u0142alno\u015bci gospodarczej) i przez minimum 1 miesi\u0105c po rozpocz\u0119ciu pracy.<\/p>\n<p><strong>Warunkiem sukcesu jest Tw\u00f3j aktywny udzia\u0142 w zaplanowanych zaj\u0119ciach ze wszystkich modu\u0142\u00f3w. Wykorzystaj swoj\u0105 szans\u0119 i napisz histori\u0119 swojego \u017cycia na nowo!<\/strong><\/p>\n<p><strong>Je\u015bli chcesz wzi\u0105\u0107 udzia\u0142 w rehabilitacji kompleksowej dla os\u00f3b po kryzysach psychicznych skontaktuj si\u0119 z PFRON: ork@pfron.org.pl, tel. 22 50 55 600, 532 433\u00a0727.<\/strong><\/p>\n","protected":false},"excerpt":{"rendered":"<p>Do\u015bwiadczy\u0142e\u015b kryzysu psychicznego i nie mo\u017cesz wr\u00f3ci\u0107 do dotychczasowej pracy? Praca, kt\u00f3r\u0105 wykonywa\u0142e\u015b jest dla Ciebie zbyt du\u017cym obci\u0105\u017ceniem i zastanawiasz si\u0119 jakie zawody mo\u017cesz&hellip;<\/p>\n","protected":false},"author":2,"featured_media":0,"comment_status":"closed","ping_status":"open","sticky":false,"template":"","format":"standard","meta":{"footnotes":""},"categories":[1],"tags":[],"class_list":["post-1678","post","type-post","status-publish","format-standard","hentry","category-bez-kategorii"],"_links":{"self":[{"href":"https:\/\/gops.nozdrzec.pl\/index.php?rest_route=\/wp\/v2\/posts\/1678","targetHints":{"allow":["GET"]}}],"collection":[{"href":"https:\/\/gops.nozdrzec.pl\/index.php?rest_route=\/wp\/v2\/posts"}],"about":[{"href":"https:\/\/gops.nozdrzec.pl\/index.php?rest_route=\/wp\/v2\/types\/post"}],"author":[{"embeddable":true,"href":"https:\/\/gops.nozdrzec.pl\/index.php?rest_route=\/wp\/v2\/users\/2"}],"replies":[{"embeddable":true,"href":"https:\/\/gops.nozdrzec.pl\/index.php?rest_route=%2Fwp%2Fv2%2Fcomments&post=1678"}],"version-history":[{"count":1,"href":"https:\/\/gops.nozdrzec.pl\/index.php?rest_route=\/wp\/v2\/posts\/1678\/revisions"}],"predecessor-version":[{"id":1679,"href":"https:\/\/gops.nozdrzec.pl\/index.php?rest_route=\/wp\/v2\/posts\/1678\/revisions\/1679"}],"wp:attachment":[{"href":"https:\/\/gops.nozdrzec.pl\/index.php?rest_route=%2Fwp%2Fv2%2Fmedia&parent=1678"}],"wp:term":[{"taxonomy":"category","embeddable":true,"href":"https:\/\/gops.nozdrzec.pl\/index.php?rest_route=%2Fwp%2Fv2%2Fcategories&post=1678"},{"taxonomy":"post_tag","embeddable":true,"href":"https:\/\/gops.nozdrzec.pl\/index.php?rest_route=%2Fwp%2Fv2%2Ftags&post=1678"}],"curies":[{"name":"wp","href":"https:\/\/api.w.org\/{rel}","templated":true}]}}