{"id":1662,"date":"2023-01-25T09:15:19","date_gmt":"2023-01-25T08:15:19","guid":{"rendered":"http:\/\/gops.nozdrzec.pl\/?p=1662"},"modified":"2023-01-25T09:15:50","modified_gmt":"2023-01-25T08:15:50","slug":"ich-pierwszy-raz-w-muzeum","status":"publish","type":"post","link":"https:\/\/gops.nozdrzec.pl\/?p=1662","title":{"rendered":",,Ich Pierwszy Raz w Muzeum&#8221;"},"content":{"rendered":"<p><img decoding=\"async\" src=\"http:\/\/gok-nozdrzec.pl\/wp-content\/uploads\/2023\/01\/kultura-dostepna-703x350.png\" alt=\"Gminny O\u015brodek Kultury w Nozdrzcu zako\u0144czy\u0142 realizacj\u0119 zadania pn. ?Ich Pierwszy Raz w Muzeach? w ramach programu Kultura Dost\u0119pna ? dofinansowanego ze \u015brodk\u00f3w Ministra Kultury i Dziedzictwa Narodowego pochodz\u0105cych z Funduszu Promocji Kultury ? pa\u0144stwowego funduszu celowego. Projekt pozwoli\u0142 na przygotowanie oraz zrealizowanie wyjazdu do Warszawy dla grupy 40 os\u00f3b z terenu gm. Nozdrzec. Partnerem zadania by\u0142 Gminny O\u015brodek Pomocy Spo\u0142ecznej w Nozdrzcu. Uczestnicy wyjazdu zwiedzili Muzeum Narodowe w Warszawie, Muzeum J\u00f3zefa Pi\u0142sudskiego w Sulej\u00f3wku, Muzeum Wojska Polskiego oraz Muzeum Powstania Warszawskiego. Zadanie o bardzo wa\u017cnych walorach edukacyjnych pozytywnie wp\u0142yn\u0119\u0142o na zaanga\u017cowanie w podtrzymanie i popularyzacj\u0119 dziedzictwa narodowego, budow\u0119 postaw patriotycznych oraz mi\u0119dzypokoleniow\u0105 wymian\u0119 do\u015bwiadcze\u0144 oraz wiedzy w obszarze historii Rzeczypospolitej Polskiej. Ponadto projekt pozwoli\u0142 na niwelacj\u0119 barier w dost\u0119pno\u015bci do instytucji kultury, kt\u00f3re eksponuj\u0105 wystawy obejmuj\u0105ce szeroko poj\u0119te dziedzictwo kulturowe. To ju\u017c kolejne zadanie w obszarze kultury ? zrealizowane w ostatnich miesi\u0105cach ? kt\u00f3rego odbiorcami byli mieszka\u0144cy naszej gminy. Tym bardziej cieszymy si\u0119, \u017ce dzia\u0142ania projektowe naszej instytucji kultury w 2022 roku zako\u0144czone zosta\u0142y w tak pozytywny spos\u00f3b. Cieszy r\u00f3wnie\u017c fakt, gotowo\u015bci do partycypowania w kosztach na rzecz realizowanych projekt\u00f3w. Przygotowanie adekwatnej aplikacji o dofinansowanie w ramach danego programu ? to jedno. Natomiast r\u00f3wnie istotnym czynnikiem s\u0105 \u015brodki finansowe przekazywane w ramach dotacji podmiotowej i jej zwi\u0119kszanie w ci\u0105gu roku bud\u017cetowego z inicjatywy W\u00f3jta Gminy Nozdrzec ? Stanis\u0142awa \u017belaznowskiego. Takie dzia\u0142ania dowodz\u0105, i\u017c potrzeby spo\u0142eczno\u015bci lokalnej w obszarze kultury znajduj\u0105 uzasadnienie w dzia\u0142aniach w\u0142adz, kt\u00f3re w odpowiedni spos\u00f3b dotuj\u0105 kultur\u0119 na terenie gminy. Partnerem w ramach rzeczonego projektu by\u0142 Gminny O\u015brodek Pomocy Spo\u0142ecznej w Nozdrzcu. Warto\u015b\u0107 projektu: 21 000,00 z\u0142 Wysoko\u015b\u0107 dofinansowania: 14 000,00 z\u0142 Udzia\u0142 w\u0142asny: 7000,00 z\u0142 Autor\/ koordynator projektu: Adrian Skubisz Dofinansowano ze \u015brodk\u00f3w Ministra Kultury i Dziedzictwa Narodowego pochodz\u0105cych z Funduszu Promocji Kultury ? pa\u0144stwowego funduszu celowego.\" \/><\/p>\n<p>&nbsp;<\/p>\n<p>Gminny O\u015brodek Kultury w Nozdrzcu zako\u0144czy\u0142 realizacj\u0119 zadania pn. ?Ich Pierwszy Raz w Muzeach? w ramach programu Kultura Dost\u0119pna ? dofinansowanego ze \u015brodk\u00f3w Ministra Kultury i Dziedzictwa Narodowego pochodz\u0105cych z Funduszu Promocji Kultury ? pa\u0144stwowego funduszu celowego.<\/p>\n<p>Projekt pozwoli\u0142 na przygotowanie oraz zrealizowanie wyjazdu do Warszawy dla grupy 40 os\u00f3b z terenu gm. Nozdrzec. Partnerem zadania by\u0142 Gminny O\u015brodek Pomocy Spo\u0142ecznej w Nozdrzcu. Uczestnicy wyjazdu zwiedzili Muzeum Narodowe w Warszawie, Muzeum J\u00f3zefa Pi\u0142sudskiego w Sulej\u00f3wku, Muzeum Wojska Polskiego oraz Muzeum Powstania Warszawskiego. Zadanie o bardzo wa\u017cnych walorach edukacyjnych pozytywnie wp\u0142yn\u0119\u0142o na zaanga\u017cowanie w podtrzymanie i popularyzacj\u0119 dziedzictwa narodowego, budow\u0119 postaw patriotycznych oraz mi\u0119dzypokoleniow\u0105 wymian\u0119 do\u015bwiadcze\u0144 oraz wiedzy w obszarze historii Rzeczypospolitej Polskiej. Ponadto projekt pozwoli\u0142 na niwelacj\u0119 barier w dost\u0119pno\u015bci do instytucji kultury, kt\u00f3re eksponuj\u0105 wystawy obejmuj\u0105ce szeroko poj\u0119te dziedzictwo kulturowe.<\/p>\n<p>To ju\u017c kolejne zadanie w obszarze kultury ? zrealizowane w ostatnich miesi\u0105cach ? kt\u00f3rego odbiorcami byli mieszka\u0144cy naszej gminy. Tym bardziej cieszymy si\u0119, \u017ce dzia\u0142ania projektowe naszej instytucji kultury w 2022 roku zako\u0144czone zosta\u0142y w tak pozytywny spos\u00f3b. Cieszy r\u00f3wnie\u017c fakt, gotowo\u015bci do partycypowania w kosztach na rzecz realizowanych projekt\u00f3w. Przygotowanie adekwatnej aplikacji o dofinansowanie w ramach danego programu ? to jedno. Natomiast r\u00f3wnie istotnym czynnikiem s\u0105 \u015brodki finansowe przekazywane w ramach dotacji podmiotowej i jej zwi\u0119kszanie w ci\u0105gu roku bud\u017cetowego z inicjatywy W\u00f3jta Gminy Nozdrzec ? Stanis\u0142awa \u017belaznowskiego. Takie dzia\u0142ania dowodz\u0105, i\u017c potrzeby spo\u0142eczno\u015bci lokalnej w obszarze kultury znajduj\u0105 uzasadnienie w dzia\u0142aniach w\u0142adz, kt\u00f3re w odpowiedni spos\u00f3b dotuj\u0105 kultur\u0119 na terenie gminy.<\/p>\n<p>Partnerem w ramach rzeczonego projektu by\u0142 Gminny O\u015brodek Pomocy Spo\u0142ecznej w Nozdrzcu.<\/p>\n<p>Warto\u015b\u0107 projektu: 21 000,00 z\u0142<br \/>\nWysoko\u015b\u0107 dofinansowania: 14 000,00 z\u0142<br \/>\nUdzia\u0142 w\u0142asny: 7000,00 z\u0142<br \/>\nAutor\/ koordynator projektu: Adrian Skubisz<\/p>\n<p>Dofinansowano ze \u015brodk\u00f3w Ministra Kultury i Dziedzictwa Narodowego pochodz\u0105cych z Funduszu Promocji Kultury ? pa\u0144stwowego funduszu celowego.<\/p>\n","protected":false},"excerpt":{"rendered":"<p>&nbsp; Gminny O\u015brodek Kultury w Nozdrzcu zako\u0144czy\u0142 realizacj\u0119 zadania pn. ?Ich Pierwszy Raz w Muzeach? w ramach programu Kultura Dost\u0119pna ? dofinansowanego ze \u015brodk\u00f3w Ministra&hellip;<\/p>\n","protected":false},"author":2,"featured_media":0,"comment_status":"closed","ping_status":"open","sticky":false,"template":"","format":"standard","meta":{"footnotes":""},"categories":[1],"tags":[],"class_list":["post-1662","post","type-post","status-publish","format-standard","hentry","category-bez-kategorii"],"_links":{"self":[{"href":"https:\/\/gops.nozdrzec.pl\/index.php?rest_route=\/wp\/v2\/posts\/1662","targetHints":{"allow":["GET"]}}],"collection":[{"href":"https:\/\/gops.nozdrzec.pl\/index.php?rest_route=\/wp\/v2\/posts"}],"about":[{"href":"https:\/\/gops.nozdrzec.pl\/index.php?rest_route=\/wp\/v2\/types\/post"}],"author":[{"embeddable":true,"href":"https:\/\/gops.nozdrzec.pl\/index.php?rest_route=\/wp\/v2\/users\/2"}],"replies":[{"embeddable":true,"href":"https:\/\/gops.nozdrzec.pl\/index.php?rest_route=%2Fwp%2Fv2%2Fcomments&post=1662"}],"version-history":[{"count":2,"href":"https:\/\/gops.nozdrzec.pl\/index.php?rest_route=\/wp\/v2\/posts\/1662\/revisions"}],"predecessor-version":[{"id":1664,"href":"https:\/\/gops.nozdrzec.pl\/index.php?rest_route=\/wp\/v2\/posts\/1662\/revisions\/1664"}],"wp:attachment":[{"href":"https:\/\/gops.nozdrzec.pl\/index.php?rest_route=%2Fwp%2Fv2%2Fmedia&parent=1662"}],"wp:term":[{"taxonomy":"category","embeddable":true,"href":"https:\/\/gops.nozdrzec.pl\/index.php?rest_route=%2Fwp%2Fv2%2Fcategories&post=1662"},{"taxonomy":"post_tag","embeddable":true,"href":"https:\/\/gops.nozdrzec.pl\/index.php?rest_route=%2Fwp%2Fv2%2Ftags&post=1662"}],"curies":[{"name":"wp","href":"https:\/\/api.w.org\/{rel}","templated":true}]}}