{"id":1566,"date":"2022-11-02T07:33:22","date_gmt":"2022-11-02T06:33:22","guid":{"rendered":"http:\/\/gops.nozdrzec.pl\/?p=1566"},"modified":"2022-11-02T07:33:22","modified_gmt":"2022-11-02T06:33:22","slug":"ogloszenie","status":"publish","type":"post","link":"https:\/\/gops.nozdrzec.pl\/?p=1566","title":{"rendered":"OG\u0141OSZENIE"},"content":{"rendered":"<p align=\"center\"><strong>OG\u0141OSZENIE O NABORZE WNIOSK\u00d3W W PROGRAMIE<\/strong><\/p>\n<p align=\"center\"><strong>?ASYSTENT OSOBISTY OSOBY NIEPE\u0141NOPSPRAWNEJ? ? EDYCJA 2023<\/strong><\/p>\n<p>&nbsp;<\/p>\n<p>Program ?Asystent osobisty osoby niepe\u0142nosprawnej? ? edycja 2023 ma na celu zapewnienie dost\u0119pno\u015bci do us\u0142ug asystencji osobistej, tj. wsparcia w wykonywaniu codziennych czynno\u015bci oraz funkcjonowaniu w \u017cyciu spo\u0142ecznym os\u00f3b niepe\u0142nosprawnych.<\/p>\n<p><strong><em>Us\u0142ugi asystenckie polegaj\u0105 w szczeg\u00f3lno\u015bci na pomocy w:<\/em><\/strong><\/p>\n<p>? wykonywaniu przez uczestnika czynno\u015bci dnia codziennego;<\/p>\n<p>? wyj\u015bciu, powrocie lub dojazdach z uczestnikiem w wybrane przez uczestnika miejsca;<\/p>\n<p>? za\u0142atwianiu przez uczestnika spraw urz\u0119dowych;<\/p>\n<p>? korzystaniu przez uczestnika z d\u00f3br kultury (np. muzeum, teatr, kino, galeria sztuki, wystawa);<\/p>\n<p>? zaprowadzaniu i odebraniu dzieci z orzeczeniem o niepe\u0142nosprawno\u015bci do plac\u00f3wki o\u015bwiatowej<\/p>\n<p>&nbsp;<\/p>\n<p><strong><em>i skierowane s\u0105 do:<\/em><\/strong><\/p>\n<p>&nbsp;<\/p>\n<p>? dzieci do 16. roku \u017cycia z orzeczeniem o niepe\u0142nosprawno\u015bci \u0142\u0105cznie ze wskazaniami: konieczno\u015bci sta\u0142ej lub d\u0142ugotrwa\u0142ej opieki lub pomocy innej osoby w zwi\u0105zku ze znacznie ograniczon\u0105 mo\u017cliwo\u015bci\u0105 samodzielnej egzystencji oraz konieczno\u015bci sta\u0142ego wsp\u00f3\u0142udzia\u0142u na co dzie\u0144 opiekuna dziecka w procesie jego leczenia, rehabilitacji i edukacji;<\/p>\n<p>? os\u00f3b niepe\u0142nosprawnych posiadaj\u0105cych orzeczenie:<\/p>\n<p>a) o znacznym stopniu niepe\u0142nosprawno\u015bci,<\/p>\n<p>b) o umiarkowanym stopniu niepe\u0142nosprawno\u015bci,<\/p>\n<p>c) albo orzeczenia traktowane na r\u00f3wni z orzeczeniami wymienionymi w lit. a i b, zgodnie z art. 5 i art. 62 ustawy z dnia 27 sierpnia 1997 r. o rehabilitacji zawodowej i spo\u0142ecznej oraz zatrudnianiu os\u00f3b niepe\u0142nosprawnych (Dz. U. z 2021 r. poz. 573, z p\u00f3\u017an. zm.).<\/p>\n<p>&nbsp;<\/p>\n<p>Program ?Asystent Osobisty Osoby Niepe\u0142nosprawnej? ? edycja 2023 realizowany jest na podstawie art. 7 ust. 5 oraz art. 12 ust. 1 ustawy z dnia 23 pa\u017adziernika 2018 r. o Funduszu Solidarno\u015bciowym (Dz.\u00a0U. z\u00a02020 r. poz. 1787, z p\u00f3\u017an. zm.)<\/p>\n<p><strong>Osoby zainteresowane udzia\u0142em w Programie ?Asystent osobisty osoby niepe\u0142nosprawnej? ? edycja 2023 prosimy o kontakt i dokonywanie zg\u0142osze\u0144 w Gminnym O\u015brodku Pomocy Spo\u0142ecznej w Nozdrzcu, pod numerem telefonu 13 43 98 020 wew. 58<\/strong><\/p>\n<p align=\"center\"><strong>w\u00a0nieprzekraczalnym terminie do dnia 7 listopada 2022 r.<\/strong><\/p>\n<p><strong>Wi\u0119cej informacji mo\u017cna uzyska\u0107 na stronie:<\/strong><\/p>\n<p><a href=\"https:\/\/niepelnosprawni.gov.pl\/a,1416,nabor-wnioskow-w-ramach-programu-resortowego-ministra-rodziny-i-polityki-spolecznej-pn-asystent-osobisty-osoby-niepelnosprawnej-edycja-2023\"><strong>https:\/\/niepelnosprawni.gov.pl\/a,1416,nabor-wnioskow-w-ramach-programu-resortowego-ministra-rodziny-i-polityki-spolecznej-pn-asystent-osobisty-osoby-niepelnosprawnej-edycja-2023<\/strong><\/a><\/p>\n","protected":false},"excerpt":{"rendered":"<p>OG\u0141OSZENIE O NABORZE WNIOSK\u00d3W W PROGRAMIE ?ASYSTENT OSOBISTY OSOBY NIEPE\u0141NOPSPRAWNEJ? ? EDYCJA 2023 &nbsp; Program ?Asystent osobisty osoby niepe\u0142nosprawnej? ? edycja 2023 ma na celu&hellip;<\/p>\n","protected":false},"author":2,"featured_media":0,"comment_status":"closed","ping_status":"open","sticky":false,"template":"","format":"standard","meta":{"footnotes":""},"categories":[1],"tags":[],"class_list":["post-1566","post","type-post","status-publish","format-standard","hentry","category-bez-kategorii"],"_links":{"self":[{"href":"https:\/\/gops.nozdrzec.pl\/index.php?rest_route=\/wp\/v2\/posts\/1566","targetHints":{"allow":["GET"]}}],"collection":[{"href":"https:\/\/gops.nozdrzec.pl\/index.php?rest_route=\/wp\/v2\/posts"}],"about":[{"href":"https:\/\/gops.nozdrzec.pl\/index.php?rest_route=\/wp\/v2\/types\/post"}],"author":[{"embeddable":true,"href":"https:\/\/gops.nozdrzec.pl\/index.php?rest_route=\/wp\/v2\/users\/2"}],"replies":[{"embeddable":true,"href":"https:\/\/gops.nozdrzec.pl\/index.php?rest_route=%2Fwp%2Fv2%2Fcomments&post=1566"}],"version-history":[{"count":1,"href":"https:\/\/gops.nozdrzec.pl\/index.php?rest_route=\/wp\/v2\/posts\/1566\/revisions"}],"predecessor-version":[{"id":1567,"href":"https:\/\/gops.nozdrzec.pl\/index.php?rest_route=\/wp\/v2\/posts\/1566\/revisions\/1567"}],"wp:attachment":[{"href":"https:\/\/gops.nozdrzec.pl\/index.php?rest_route=%2Fwp%2Fv2%2Fmedia&parent=1566"}],"wp:term":[{"taxonomy":"category","embeddable":true,"href":"https:\/\/gops.nozdrzec.pl\/index.php?rest_route=%2Fwp%2Fv2%2Fcategories&post=1566"},{"taxonomy":"post_tag","embeddable":true,"href":"https:\/\/gops.nozdrzec.pl\/index.php?rest_route=%2Fwp%2Fv2%2Ftags&post=1566"}],"curies":[{"name":"wp","href":"https:\/\/api.w.org\/{rel}","templated":true}]}}