{"id":12359,"date":"2026-09-04T12:18:01","date_gmt":"2026-09-04T10:18:01","guid":{"rendered":"https:\/\/gops.nozdrzec.pl\/?p=12359"},"modified":"2026-09-04T12:18:01","modified_gmt":"2026-09-04T10:18:01","slug":"opieka-wytchnieniowa-2027","status":"publish","type":"post","link":"https:\/\/gops.nozdrzec.pl\/?p=12359","title":{"rendered":"OPIEKA WYTCHNIENIOWA 2027"},"content":{"rendered":"<p><strong>Gminny O\u015brodek Pomocy Spo\u0142ecznej w Nozdrzcu prowadzi rozeznanie potrzeb mieszka\u0144c\u00f3w Gminy w zakresie os\u00f3b zainteresowanych udzia\u0142em w programie Ministerstwa Rodziny, Pracy i Polityki Spo\u0142ecznej \u00a0\u201eOpieka wytchnieniowa\u201d dla Jednostek Samorz\u0105du Terytorialnego.<\/strong><\/p>\n<p><strong>Osoby zainteresowane uczestnictwem w programie w 2027 r. prosimy o wype\u0142nienie ankiety \u201e OPIEKA WYTCHNIENIOWA \u00a0(OW) na 2027 rok.<\/strong><\/p>\n<p><strong>Celem rozeznania jest okre\u015blenie skali zapotrzebowania na us\u0142ugi opieki wytchnieniowej oraz zebranie informacji, kt\u00f3re pozwol\u0105 w\u0142a\u015bciwie zaplanowa\u0107 udzia\u0142 w programie oraz przygotowa\u0107 wniosek o dofinansowanie realizacji us\u0142ug w 2027 roku.<\/strong><\/p>\n<p><strong>Ankiet\u0119 mo\u017cna otrzyma\u0107 w Gminnym O\u015brodku Pomocy Spo\u0142ecznej w Nozdrzcu lub pobra\u0107 ze strony internatowej \u00a0<a href=\"https:\/\/gops.nozdrzec.pl\/wp-content\/uploads\/2026\/09\/ANKIETA-OPIEKA-WYTCHNIENIOWA-2027.docx\">ANKIETA OPIEKA WYTCHNIENIOWA 2027<\/a><\/strong><\/p>\n<p><strong>Wype\u0142nion\u0105 ankiet\u0119 nale\u017cy dostarczy\u0107 do GOPS Nozdrzec.<\/strong><\/p>\n<p><strong>Zg\u0142oszenie potrzeby nie jest r\u00f3wnoznaczne z przyznaniem us\u0142ugi.<\/strong><\/p>\n<p><strong>Mo\u017cliwo\u015b\u0107 realizacji us\u0142ug b\u0119dzie uzale\u017cniona od zasad programu obowi\u0105zuj\u0105cych na 2027 rok oraz od wysoko\u015bci \u015brodk\u00f3w finansowych przyznanych przez Wojewod\u0119 Podkarpackiego na jego realizacj\u0119.<\/strong><\/p>\n<p><strong>Termin sk\u0142adania kart do 30.09.2026 r<\/strong><\/p>\n<p><strong>\u00a0Szczeg\u00f3\u0142owe informacje mo\u017cna uzyska\u0107 <\/strong><\/p>\n<p><strong>pod nr tel. 134398164, 134398020 wew. 57<\/strong><\/p>\n<p><strong>mail:\u00a0gops@gops.nozdrzec.pl<\/strong><\/p>\n","protected":false},"excerpt":{"rendered":"<p>Gminny O\u015brodek Pomocy Spo\u0142ecznej w Nozdrzcu prowadzi rozeznanie potrzeb mieszka\u0144c\u00f3w Gminy w zakresie os\u00f3b zainteresowanych udzia\u0142em w programie Ministerstwa Rodziny, Pracy i Polityki Spo\u0142ecznej \u00a0\u201eOpieka&hellip;<\/p>\n","protected":false},"author":2,"featured_media":12132,"comment_status":"closed","ping_status":"open","sticky":false,"template":"","format":"standard","meta":{"footnotes":""},"categories":[1],"tags":[],"class_list":["post-12359","post","type-post","status-publish","format-standard","has-post-thumbnail","hentry","category-bez-kategorii"],"_links":{"self":[{"href":"https:\/\/gops.nozdrzec.pl\/index.php?rest_route=\/wp\/v2\/posts\/12359","targetHints":{"allow":["GET"]}}],"collection":[{"href":"https:\/\/gops.nozdrzec.pl\/index.php?rest_route=\/wp\/v2\/posts"}],"about":[{"href":"https:\/\/gops.nozdrzec.pl\/index.php?rest_route=\/wp\/v2\/types\/post"}],"author":[{"embeddable":true,"href":"https:\/\/gops.nozdrzec.pl\/index.php?rest_route=\/wp\/v2\/users\/2"}],"replies":[{"embeddable":true,"href":"https:\/\/gops.nozdrzec.pl\/index.php?rest_route=%2Fwp%2Fv2%2Fcomments&post=12359"}],"version-history":[{"count":1,"href":"https:\/\/gops.nozdrzec.pl\/index.php?rest_route=\/wp\/v2\/posts\/12359\/revisions"}],"predecessor-version":[{"id":12362,"href":"https:\/\/gops.nozdrzec.pl\/index.php?rest_route=\/wp\/v2\/posts\/12359\/revisions\/12362"}],"wp:featuredmedia":[{"embeddable":true,"href":"https:\/\/gops.nozdrzec.pl\/index.php?rest_route=\/wp\/v2\/media\/12132"}],"wp:attachment":[{"href":"https:\/\/gops.nozdrzec.pl\/index.php?rest_route=%2Fwp%2Fv2%2Fmedia&parent=12359"}],"wp:term":[{"taxonomy":"category","embeddable":true,"href":"https:\/\/gops.nozdrzec.pl\/index.php?rest_route=%2Fwp%2Fv2%2Fcategories&post=12359"},{"taxonomy":"post_tag","embeddable":true,"href":"https:\/\/gops.nozdrzec.pl\/index.php?rest_route=%2Fwp%2Fv2%2Ftags&post=12359"}],"curies":[{"name":"wp","href":"https:\/\/api.w.org\/{rel}","templated":true}]}}