{"id":12356,"date":"2026-09-04T11:17:45","date_gmt":"2026-09-04T09:17:45","guid":{"rendered":"https:\/\/gops.nozdrzec.pl\/?p=12356"},"modified":"2026-09-04T11:17:45","modified_gmt":"2026-09-04T09:17:45","slug":"asystent-osobisty-osoby-z-niepelnosprawnoscia-2","status":"publish","type":"post","link":"https:\/\/gops.nozdrzec.pl\/?p=12356","title":{"rendered":"ASYSTENT OSOBISTY OSOBY Z NIEPE\u0141NOSPRAWNOSCI\u0104"},"content":{"rendered":"<p><strong>Gminny O\u015brodek Pomocy Spo\u0142ecznej w Nozdrzcu <\/strong><strong>prowadzi rozeznanie potrzeb mieszka\u0144c\u00f3w Gminy <\/strong><strong>Nozdrzec <\/strong><strong>w zakresie us\u0142ug Asystenta Osobistego Osoby z Niepe\u0142nosprawno\u015bci\u0105 (AOON) na 2027 rok.<\/strong><\/p>\n<p><strong>Celem rozeznania jest okre\u015blenie skali zapotrzebowania na us\u0142ug<\/strong><strong>i asystenckie<\/strong><strong> oraz zebranie informacji, kt\u00f3re pozwol\u0105 w\u0142a\u015bciwie zaplanowa\u0107 udzia\u0142 w programie <\/strong><strong>oraz <\/strong><strong>przygotowa\u0107 wniosek o dofinansowanie realizacji us\u0142ug w 2027 roku.<\/strong><\/p>\n<p><strong>Zach\u0119camy do z\u0142o\u017cenia karty zapotrzebowania osoby z niepe\u0142nosprawno\u015bci\u0105, kt\u00f3re:<\/strong><\/p>\n<ul>\n<li><strong>chcia\u0142yby korzysta\u0107 z us\u0142ug asystenta osobistego w 2027 roku,<\/strong><\/li>\n<li><strong>korzystaj\u0105 z us\u0142ugi AOON i s\u0105 zainteresowane jej kontynuowaniem,<\/strong><\/li>\n<li><strong>potrzebuj\u0105 wsparcia asystenta w codziennym funkcjonowaniu, przemieszczaniu si\u0119, za\u0142atwianiu spraw, korzystaniu z rehabilitacji, us\u0142ug zdrowotnych, edukacji, pracy lub aktywno\u015bci spo\u0142ecznej.<\/strong><\/li>\n<\/ul>\n<p><strong>Osoby zainteresowane prosimy o wype\u0142nienie\u00a0Karty zapotrzebowania na us\u0142ug\u0119 Asystenta Osobistego Osoby z Niepe\u0142nosprawno\u015bci\u0105 \u2013 AOON 2027.<\/strong><\/p>\n<p><strong>Kart\u0119 mo\u017cna otrzyma\u0107 w\u00a0<\/strong><strong>Gminnym O\u015brodku Pomocy Spo\u0142ecznej w Nozdrzcu <\/strong><strong>lub pobra\u0107 <\/strong><strong>ze strony internatowej <a href=\"https:\/\/gops.nozdrzec.pl\/wp-content\/uploads\/2026\/09\/Karta-zapotrzebowania-na-usluge-AOON-2027.docx\">Karta zapotrzebowania na us\u0142ug\u0119 AOON 2027<\/a><\/strong><\/p>\n<p><strong>Wype\u0142nion\u0105 kart\u0119 nale\u017cy dostarczy\u0107 do <\/strong><strong>GOPS Nozdrzec.<\/strong><\/p>\n<p><strong>Zg\u0142oszenie potrzeby nie jest r\u00f3wnoznaczne z przyznaniem us\u0142ugi.<\/strong><\/p>\n<p><strong>Mo\u017cliwo\u015b\u0107 realizacji us\u0142ug b\u0119dzie uzale\u017cniona od zasad programu obowi\u0105zuj\u0105cych na 2027 rok oraz od wysoko\u015bci \u015brodk\u00f3w finansowych przyznanych<\/strong><strong> przez Wojewod\u0119 Podkarpackiego<\/strong><strong> na jego realizacj\u0119.<\/strong><\/p>\n<p><strong>Termin sk\u0142adania kart do <\/strong><strong>30<\/strong><strong>.09.2026<\/strong><strong> r<\/strong><\/p>\n<p><strong>\u00a0<\/strong><\/p>\n<p><strong>Szczeg\u00f3\u0142owe informacje mo\u017cna uzyska\u0107 <\/strong><\/p>\n<p><strong>pod nr tel. 134398164, 134398020 wew<\/strong><strong>. 57<\/strong><\/p>\n<p><strong>mail:\u00a0<\/strong><strong>gops@gops.nozdrzec.pl<\/strong><\/p>\n<p><strong>\u00a0<\/strong><\/p>\n","protected":false},"excerpt":{"rendered":"<p>Gminny O\u015brodek Pomocy Spo\u0142ecznej w Nozdrzcu prowadzi rozeznanie potrzeb mieszka\u0144c\u00f3w Gminy Nozdrzec w zakresie us\u0142ug Asystenta Osobistego Osoby z Niepe\u0142nosprawno\u015bci\u0105 (AOON) na 2027 rok. Celem&hellip;<\/p>\n","protected":false},"author":2,"featured_media":12001,"comment_status":"closed","ping_status":"open","sticky":false,"template":"","format":"standard","meta":{"footnotes":""},"categories":[1],"tags":[],"class_list":["post-12356","post","type-post","status-publish","format-standard","has-post-thumbnail","hentry","category-bez-kategorii"],"_links":{"self":[{"href":"https:\/\/gops.nozdrzec.pl\/index.php?rest_route=\/wp\/v2\/posts\/12356","targetHints":{"allow":["GET"]}}],"collection":[{"href":"https:\/\/gops.nozdrzec.pl\/index.php?rest_route=\/wp\/v2\/posts"}],"about":[{"href":"https:\/\/gops.nozdrzec.pl\/index.php?rest_route=\/wp\/v2\/types\/post"}],"author":[{"embeddable":true,"href":"https:\/\/gops.nozdrzec.pl\/index.php?rest_route=\/wp\/v2\/users\/2"}],"replies":[{"embeddable":true,"href":"https:\/\/gops.nozdrzec.pl\/index.php?rest_route=%2Fwp%2Fv2%2Fcomments&post=12356"}],"version-history":[{"count":1,"href":"https:\/\/gops.nozdrzec.pl\/index.php?rest_route=\/wp\/v2\/posts\/12356\/revisions"}],"predecessor-version":[{"id":12358,"href":"https:\/\/gops.nozdrzec.pl\/index.php?rest_route=\/wp\/v2\/posts\/12356\/revisions\/12358"}],"wp:featuredmedia":[{"embeddable":true,"href":"https:\/\/gops.nozdrzec.pl\/index.php?rest_route=\/wp\/v2\/media\/12001"}],"wp:attachment":[{"href":"https:\/\/gops.nozdrzec.pl\/index.php?rest_route=%2Fwp%2Fv2%2Fmedia&parent=12356"}],"wp:term":[{"taxonomy":"category","embeddable":true,"href":"https:\/\/gops.nozdrzec.pl\/index.php?rest_route=%2Fwp%2Fv2%2Fcategories&post=12356"},{"taxonomy":"post_tag","embeddable":true,"href":"https:\/\/gops.nozdrzec.pl\/index.php?rest_route=%2Fwp%2Fv2%2Ftags&post=12356"}],"curies":[{"name":"wp","href":"https:\/\/api.w.org\/{rel}","templated":true}]}}